[{"@context":"https:\/\/schema.org\/","@type":"Article","@id":"https:\/\/www.skysat.cz\/vydejte-se-s-nami-do-zvlnene-krajiny-ceskeho-meranu\/#Article","mainEntityOfPage":"https:\/\/www.skysat.cz\/vydejte-se-s-nami-do-zvlnene-krajiny-ceskeho-meranu\/","headline":"Vydejte se s n\u00e1mi do zvln\u011bn\u00e9 krajiny \u010cesk\u00e9ho Mer\u00e1nu","name":"Vydejte se s n\u00e1mi do zvln\u011bn\u00e9 krajiny \u010cesk\u00e9ho Mer\u00e1nu","description":"M\u00edrn\u011b zvln\u011bn\u00fd ter\u00e9n, co nen\u00ed vhodn\u00fd ani na ly\u017eov\u00e1n\u00ed, ani na in-line bruslen\u00ed po rovince &#8211; \u0159eklo by se, docela oby\u010dejn\u00e1 pahorkatina za Prahou. To je v\u0161ak jen velmi zevrubn\u00fd pohled podpo\u0159en\u00fd mapov\u00fdm podkladem s\u00a0hust\u00fdmi i \u0161irok\u00fdmi vrstevnicemi pol\u00ed a luk, jeho\u017e stroh\u00e9 pod\u00e1n\u00ed nezachyt\u00ed ta malebn\u00e1 z\u00e1kout\u00ed a rozko\u0161n\u00e1 vesnick\u00e1 staven\u00ed s\u00a0b\u00edlou fas\u00e1dou. Docela prost\u00fd kraj, \u0159\u00eddce obydlen\u00fd, bez [&hellip;]","datePublished":"2023-05-07","dateModified":"2023-05-07","author":{"@type":"Person","@id":"https:\/\/www.skysat.cz\/author\/#Person","name":"","url":"https:\/\/www.skysat.cz\/author\/","identifier":1,"image":{"@type":"ImageObject","@id":"https:\/\/secure.gravatar.com\/avatar\/b74f056f0354b8ee50fcd0e6106aa964423477cb93024726458fce7ffd63d5d8?s=96&d=mm&r=g","url":"https:\/\/secure.gravatar.com\/avatar\/b74f056f0354b8ee50fcd0e6106aa964423477cb93024726458fce7ffd63d5d8?s=96&d=mm&r=g","height":96,"width":96}},"publisher":{"@type":"Organization","name":"skysat.cz","logo":{"@type":"ImageObject","@id":"\/logo.png","url":"\/logo.png","width":600,"height":60}},"image":{"@type":"ImageObject","@id":"https:\/\/www.skysat.cz\/wp-content\/uploads\/img_a339083_w1885_t1552303908.jpg","url":"https:\/\/www.skysat.cz\/wp-content\/uploads\/img_a339083_w1885_t1552303908.jpg","height":0,"width":0},"url":"https:\/\/www.skysat.cz\/vydejte-se-s-nami-do-zvlnene-krajiny-ceskeho-meranu\/","wordCount":389,"articleBody":"M\u00edrn\u011b zvln\u011bn\u00fd ter\u00e9n, co nen\u00ed vhodn\u00fd ani na ly\u017eov\u00e1n\u00ed, ani na in-line bruslen\u00ed po rovince &#8211; \u0159eklo by se, docela oby\u010dejn\u00e1 pahorkatina za Prahou. To je v\u0161ak jen velmi zevrubn\u00fd pohled podpo\u0159en\u00fd mapov\u00fdm podkladem s\u00a0hust\u00fdmi i \u0161irok\u00fdmi vrstevnicemi pol\u00ed a luk, jeho\u017e stroh\u00e9 pod\u00e1n\u00ed nezachyt\u00ed ta malebn\u00e1 z\u00e1kout\u00ed a rozko\u0161n\u00e1 vesnick\u00e1 staven\u00ed s\u00a0b\u00edlou fas\u00e1dou. Docela prost\u00fd kraj, \u0159\u00eddce obydlen\u00fd, bez pr\u016fmyslov\u00fdch aglomerac\u00ed a z\u00e1stavby panelov\u00fdch s\u00eddli\u0161\u0165.Do t\u011bchto m\u00edst pronikala civilizace velmi pozvolna, podobn\u011b jako tomu bylo v\u00a0\u010cesk\u00e9 Kanad\u011b, v\u00a0okol\u00ed Nov\u00e9 Byst\u0159ice na Jind\u0159ichohradecku. M\u00e1te-li \u0161t\u011bst\u00ed na p\u0159\u00edzniv\u00e9 po\u010das\u00ed a nebudete-li ovlivn\u011bni melancholi\u00ed zata\u017een\u00e9 oblohy, budete si tu p\u0159ipadat jako v\u00a0severn\u00ed It\u00e1lii, v\u00a0provincii Bolzano, sev\u0159eni Sarntalsk\u00fdmi a Otzalsk\u00fdmi Alpami. Tamn\u00ed m\u011bsto Merano vytv\u00e1\u0159\u00ed podobnou atmosf\u00e9ru, odtud tak\u00e9 pramen\u00ed pojmenov\u00e1n\u00ed kraje na jih od m\u011bsta Sedlec \u2013 Pr\u010dice zn\u00e1m\u00e9 jako \u010cesk\u00fd Mer\u00e1n.Pochopiteln\u011b tu nehledejte \u010dty\u0159tis\u00edcovky zdvihaj\u00edc\u00ed se majest\u00e1tn\u011b do v\u00fd\u0161e, krajina je pon\u011bkud skromn\u011bj\u0161\u00ed, o to v\u00edce v\u0161ak p\u016fvabn\u011bj\u0161\u00ed. Bude v\u00e1m p\u0159ipadat n\u011b\u010d\u00edm zvl\u00e1\u0161tn\u00ed, harmonick\u00e1 a p\u0159\u00edv\u011btiv\u00e1. N\u00e1zev \u010cesk\u00fd Mer\u00e1n poch\u00e1z\u00ed z\u00a0obdob\u00ed nejv\u011bt\u0161\u00edho rozkv\u011btu Rakouska-Uherska, kdy severn\u00ed It\u00e1lie byla sou\u010d\u00e1st\u00ed monarchie, a kdy se do t\u011bchto m\u00edst vydal gymnazijn\u00ed profesor V\u00e1clav K\u0159\u00ed\u017eek, jemu\u017e m\u011bsto Merano jeho rodi\u0161t\u011b vzd\u00e1len\u011b p\u0159ipom\u00ednalo.\tChl\u00edstovsk\u00e9 menhiryKrajina je mezi lidmi zn\u00e1ma p\u0159edev\u0161\u00edm d\u00edky Chl\u00edstovsk\u00fdm menhir\u016fm, kamenn\u00fdm blok\u016fm na \u00fapat\u00ed Javorov\u00e9 hory, a d\u00e1le skalisky a p\u016fvabn\u00fdmi vrcholky hor V\u011btrov a V\u00e1penka nedaleko obce St\u0159ezim\u00ed\u0159, le\u017e\u00edc\u00ed na \u017eelezni\u010dn\u00ed trati z\u00a0Prahy do T\u00e1bora.\tD\u011btstv\u00ed Karla Hynka M\u00e1chyPom\u011brn\u011b m\u00e1lo se mezi lidmi roz\u0161\u00ed\u0159ila informace, \u017ee odtud poch\u00e1z\u00ed rodina b\u00e1sn\u00edka Karla Hynka M\u00e1chy. Ten tu tr\u00e1vil sv\u00e9 d\u011btstv\u00ed v\u00a0obdob\u00ed pr\u00e1zdnin a jeho pobyt si m\u016f\u017eete p\u0159ipomenout drobn\u00fdm n\u00e1pisem na tabulce na n\u00e1vsi obce M\u011b\u0161etice.                                                                                                                                                                                                                                                                                                                                                                                        4.2\/5 - (13 votes)        "},{"@context":"https:\/\/schema.org\/","@type":"BreadcrumbList","itemListElement":[{"@type":"ListItem","position":1,"name":"Vydejte se s n\u00e1mi do zvln\u011bn\u00e9 krajiny \u010cesk\u00e9ho Mer\u00e1nu","item":"https:\/\/www.skysat.cz\/vydejte-se-s-nami-do-zvlnene-krajiny-ceskeho-meranu\/#breadcrumbitem"}]}]